{"id":956,"date":"2012-03-10T23:29:48","date_gmt":"2012-03-11T02:29:48","guid":{"rendered":"http:\/\/lanofrai.com.br\/2012\/03\/10\/o-ceu-do-frai\/"},"modified":"2012-03-10T23:29:48","modified_gmt":"2012-03-11T02:29:48","slug":"o-ceu-do-frai","status":"publish","type":"post","link":"https:\/\/lanofrai.com.br\/en\/2012\/03\/10\/o-ceu-do-frai\/","title":{"rendered":"O c\u00e9u do Frai \/ Our skies"},"content":{"rendered":"<p><span style=\"color:#008000\">L\u00e1 no Frai o c\u00e9u as vezes \u00e9 assim&#8230;A comunidade agradece a colabora\u00e7\u00e3o art\u00edstica e percep\u00e7\u00e3o agu\u00e7ada da fotografa&#8230;Essa merece um quadro&#8230;<br \/>\n<\/span><\/p>\n<p>Our sky is like this sometiems. Many thanks to the author Iole Dahmer.<\/p>\n<p><a href=\"https:\/\/lanofrai.com.br\/wp-content\/uploads\/2012\/03\/img_1727-2.jpg\"><img loading=\"lazy\" decoding=\"async\" class=\"aligncenter size-full wp-image-964\" title=\"C\u00e9u do Frai\" src=\"https:\/\/lanofrai.com.br\/wp-content\/uploads\/2012\/03\/img_1727-2.jpg\" alt=\"\" width=\"500\" height=\"333\" srcset=\"https:\/\/lanofrai.com.br\/en\/wp-content\/uploads\/sites\/3\/2012\/03\/img_1727-2.jpg 1024w, https:\/\/lanofrai.com.br\/en\/wp-content\/uploads\/sites\/3\/2012\/03\/img_1727-2-300x200.jpg 300w, https:\/\/lanofrai.com.br\/en\/wp-content\/uploads\/sites\/3\/2012\/03\/img_1727-2-624x416.jpg 624w\" sizes=\"auto, (max-width: 500px) 100vw, 500px\" \/><\/a><\/p>\n<p>&nbsp;<\/p>\n<p>Foto de Iole Dahmer.<\/p>\n","protected":false},"excerpt":{"rendered":"<p><img loading=\"lazy\" decoding=\"async\" width=\"2592\" height=\"1728\" src=\"http:\/\/lanofrai.files.wordpress.com\/2012\/03\/img_1727-1.jpg\" alt=\"O c\u00e9u do Frai\" class=\"size-full wp-image-951\" srcset=\"https:\/\/lanofrai.com.br\/en\/wp-content\/uploads\/sites\/3\/2012\/03\/img_1727-1.jpg 2592w, https:\/\/lanofrai.com.br\/en\/wp-content\/uploads\/sites\/3\/2012\/03\/img_1727-1-300x200.jpg 300w, https:\/\/lanofrai.com.br\/en\/wp-content\/uploads\/sites\/3\/2012\/03\/img_1727-1-1024x682.jpg 1024w, https:\/\/lanofrai.com.br\/en\/wp-content\/uploads\/sites\/3\/2012\/03\/img_1727-1-624x416.jpg 624w\" sizes=\"auto, (max-width: 2592px) 100vw, 2592px\" \/><\/p>\n<p>Vis\u00e3o e sensibilidade artistica de Iole Dahmer. <\/p>\n","protected":false},"author":1,"featured_media":0,"comment_status":"open","ping_status":"open","sticky":false,"template":"","format":"image","meta":{"footnotes":""},"categories":[5,18],"tags":[98,244,282,1101],"class_list":["post-956","post","type-post","status-publish","format-image","hentry","category-sky","category-the-city-a-cidade","tag-arcoiris","tag-ceu","tag-clouds","tag-sky","post_format-post-format-image"],"_links":{"self":[{"href":"https:\/\/lanofrai.com.br\/en\/wp-json\/wp\/v2\/posts\/956","targetHints":{"allow":["GET"]}}],"collection":[{"href":"https:\/\/lanofrai.com.br\/en\/wp-json\/wp\/v2\/posts"}],"about":[{"href":"https:\/\/lanofrai.com.br\/en\/wp-json\/wp\/v2\/types\/post"}],"author":[{"embeddable":true,"href":"https:\/\/lanofrai.com.br\/en\/wp-json\/wp\/v2\/users\/1"}],"replies":[{"embeddable":true,"href":"https:\/\/lanofrai.com.br\/en\/wp-json\/wp\/v2\/comments?post=956"}],"version-history":[{"count":0,"href":"https:\/\/lanofrai.com.br\/en\/wp-json\/wp\/v2\/posts\/956\/revisions"}],"wp:attachment":[{"href":"https:\/\/lanofrai.com.br\/en\/wp-json\/wp\/v2\/media?parent=956"}],"wp:term":[{"taxonomy":"category","embeddable":true,"href":"https:\/\/lanofrai.com.br\/en\/wp-json\/wp\/v2\/categories?post=956"},{"taxonomy":"post_tag","embeddable":true,"href":"https:\/\/lanofrai.com.br\/en\/wp-json\/wp\/v2\/tags?post=956"}],"curies":[{"name":"wp","href":"https:\/\/api.w.org\/{rel}","templated":true}]}}